{"id":27168,"date":"2026-02-25T11:14:55","date_gmt":"2026-02-25T11:14:55","guid":{"rendered":"https:\/\/cinalc.org\/?p=27168"},"modified":"2026-03-19T11:16:20","modified_gmt":"2026-03-19T11:16:20","slug":"se-fortalece-la-cooperacion-regional-en-la-cuarta-sesion-del-comite-del-convenio-de-reconocimiento-de-buenos-aires-y-de-la-red-cinalc-en-montevideo","status":"publish","type":"post","link":"https:\/\/cinalc.org\/se-fortalece-la-cooperacion-regional-en-la-cuarta-sesion-del-comite-del-convenio-de-reconocimiento-de-buenos-aires-y-de-la-red-cinalc-en-montevideo\/","title":{"rendered":"Regional cooperation strengthened at the fourth session of the Buenos Aires Recognition Convention Committee and the CINALC network in Montevideo"},"content":{"rendered":"\t\t<div data-elementor-type=\"wp-post\" data-elementor-id=\"27168\" class=\"elementor elementor-27168\">\n\t\t\t\t\t\t<section class=\"elementor-section elementor-top-section elementor-element elementor-element-648f686 elementor-section-boxed elementor-section-height-default elementor-section-height-default\" data-id=\"648f686\" data-element_type=\"section\">\n\t\t\t\t\t\t<div class=\"elementor-container elementor-column-gap-default\">\n\t\t\t\t\t<div class=\"elementor-column elementor-col-100 elementor-top-column elementor-element elementor-element-944653e\" data-id=\"944653e\" data-element_type=\"column\">\n\t\t\t<div class=\"elementor-widget-wrap\">\n\t\t\t\t\t\t\t<\/div>\n\t\t<\/div>\n\t\t\t\t\t<\/div>\n\t\t<\/section>\n\t\t\t\t<section class=\"elementor-section elementor-top-section elementor-element elementor-element-4089ae2 elementor-section-boxed elementor-section-height-default elementor-section-height-default\" data-id=\"4089ae2\" data-element_type=\"section\">\n\t\t\t\t\t\t<div class=\"elementor-container elementor-column-gap-default\">\n\t\t\t\t\t<div class=\"elementor-column elementor-col-100 elementor-top-column elementor-element elementor-element-a60d002\" data-id=\"a60d002\" data-element_type=\"column\">\n\t\t\t<div class=\"elementor-widget-wrap elementor-element-populated\">\n\t\t\t\t\t\t<div class=\"elementor-element elementor-element-03bd80c elementor-widget elementor-widget-heading\" data-id=\"03bd80c\" data-element_type=\"widget\" data-widget_type=\"heading.default\">\n\t\t\t\t<div class=\"elementor-widget-container\">\n\t\t\t<h2 class=\"elementor-heading-title elementor-size-default\">Regional cooperation strengthened at the fourth session of the Buenos Aires Recognition Convention Committee and the CINALC network in Montevideo<\/h2>\t\t<\/div>\n\t\t\t\t<\/div>\n\t\t\t\t\t<\/div>\n\t\t<\/div>\n\t\t\t\t\t<\/div>\n\t\t<\/section>\n\t\t\t\t<section class=\"elementor-section elementor-top-section elementor-element elementor-element-ccd0909 elementor-section-boxed elementor-section-height-default elementor-section-height-default\" data-id=\"ccd0909\" data-element_type=\"section\">\n\t\t\t\t\t\t<div class=\"elementor-container elementor-column-gap-default\">\n\t\t\t\t\t<div class=\"elementor-column elementor-col-100 elementor-top-column elementor-element elementor-element-9431c39\" data-id=\"9431c39\" data-element_type=\"column\">\n\t\t\t<div class=\"elementor-widget-wrap elementor-element-populated\">\n\t\t\t\t\t\t<div class=\"elementor-element elementor-element-b1cc124 elementor-widget elementor-widget-text-editor\" data-id=\"b1cc124\" data-element_type=\"widget\" data-widget_type=\"text-editor.default\">\n\t\t\t\t<div class=\"elementor-widget-container\">\n\t\t\t\t\t\t\t<p><span style=\"font-size: 18pt;\">Meeting led by UNESCO IESALC advances fair recognition of qualifications and boosts cooperation to implement the Convention, helping ensure equal opportunities for all<\/span><\/p>\t\t\t\t\t\t<\/div>\n\t\t\t\t<\/div>\n\t\t\t\t\t<\/div>\n\t\t<\/div>\n\t\t\t\t\t<\/div>\n\t\t<\/section>\n\t\t\t\t<section class=\"elementor-section elementor-top-section elementor-element elementor-element-4210502 elementor-section-boxed elementor-section-height-default elementor-section-height-default\" data-id=\"4210502\" data-element_type=\"section\">\n\t\t\t\t\t\t<div class=\"elementor-container elementor-column-gap-default\">\n\t\t\t\t\t<div class=\"elementor-column elementor-col-100 elementor-top-column elementor-element elementor-element-8d875e5\" data-id=\"8d875e5\" data-element_type=\"column\">\n\t\t\t<div class=\"elementor-widget-wrap elementor-element-populated\">\n\t\t\t\t\t\t<div class=\"elementor-element elementor-element-30eb8f4 elementor-widget elementor-widget-image\" data-id=\"30eb8f4\" data-element_type=\"widget\" data-widget_type=\"image.default\">\n\t\t\t\t<div class=\"elementor-widget-container\">\n\t\t\t\t\t\t\t\t\t\t\t\t\t<img fetchpriority=\"high\" decoding=\"async\" width=\"610\" height=\"407\" src=\"https:\/\/cinalc.org\/wp-content\/uploads\/2026\/03\/HZ6_7554.webp\" class=\"attachment-large size-large wp-image-27169\" alt=\"\" srcset=\"https:\/\/cinalc.org\/wp-content\/uploads\/2026\/03\/HZ6_7554.webp 610w, https:\/\/cinalc.org\/wp-content\/uploads\/2026\/03\/HZ6_7554-300x200.webp 300w\" sizes=\"(max-width: 610px) 100vw, 610px\" \/>\t\t\t\t\t\t\t\t\t\t\t\t\t<\/div>\n\t\t\t\t<\/div>\n\t\t\t\t\t<\/div>\n\t\t<\/div>\n\t\t\t\t\t<\/div>\n\t\t<\/section>\n\t\t\t\t<section class=\"elementor-section elementor-top-section elementor-element elementor-element-97eb060 elementor-section-boxed elementor-section-height-default elementor-section-height-default\" data-id=\"97eb060\" data-element_type=\"section\">\n\t\t\t\t\t\t<div class=\"elementor-container elementor-column-gap-default\">\n\t\t\t\t\t<div class=\"elementor-column elementor-col-100 elementor-top-column elementor-element elementor-element-4eea85b\" data-id=\"4eea85b\" data-element_type=\"column\">\n\t\t\t<div class=\"elementor-widget-wrap elementor-element-populated\">\n\t\t\t\t\t\t<div class=\"elementor-element elementor-element-2e59487 elementor-widget elementor-widget-text-editor\" data-id=\"2e59487\" data-element_type=\"widget\" data-widget_type=\"text-editor.default\">\n\t\t\t\t<div class=\"elementor-widget-container\">\n\t\t\t\t\t\t\t<p><span class=\"TextRun SCXW170723525 BCX8 NormalTextRun\" lang=\"EN-US\">On 24\u201325 February 2026, representatives from 20 Member States across Latin America and the Caribbean, as well as international organizations and other institutions, gathered in Montevideo, Uruguay, for the\u00a0<\/span><a href=\"https:\/\/www.iesalc.unesco.org\/en\/articles\/fourth-session-committee-regional-convention-recognition-studies-diplomas-and-degrees-higher\"><span class=\"TextRun SCXW170723525 BCX8 NormalTextRun\" lang=\"EN-US\">fourth session of the Committee of the Buenos Aires Recognition Convention<\/span><\/a><span class=\"TextRun SCXW170723525 BCX8 NormalTextRun\" lang=\"EN-US\">, alongside a full meeting of the\u00a0<\/span><a href=\"https:\/\/cinalc.org\/en\/\" target=\"_blank\" rel=\"noopener\"><span class=\"TextRun SCXW170723525 BCX8 NormalTextRun\" lang=\"EN-US\">Regional Network of National Information\u00a0<\/span><span class=\"TextRun SCXW170723525 BCX8 NormalTextRun SpellingErrorV2Themed\" lang=\"EN-US\">Centres<\/span><span class=\"TextRun SCXW170723525 BCX8 NormalTextRun\" lang=\"EN-US\">\u00a0(CINALC)<\/span><\/a><span class=\"TextRun SCXW170723525 BCX8 NormalTextRun\" lang=\"EN-US\">. \u202f<\/span><span class=\"EOP SCXW170723525 BCX8\">\u00a0<\/span><\/p><p><span class=\"TextRun SCXW170723525 BCX8 NormalTextRun\" lang=\"EN-US\">Organized by UNESCO IESALC in cooperation with the Ministry of Education and Culture of Uruguay, the\u00a0<\/span><span class=\"TextRun SCXW170723525 BCX8 NormalTextRun SpellingErrorV2Themed\" lang=\"EN-US\">two-day<\/span><span class=\"TextRun SCXW170723525 BCX8 NormalTextRun\" lang=\"EN-US\">\u00a0<\/span><span class=\"TextRun SCXW170723525 BCX8 NormalTextRun SpellingErrorV2Themed\" lang=\"EN-US\">programme<\/span><span class=\"TextRun SCXW170723525 BCX8 NormalTextRun\" lang=\"EN-US\">\u00a0marked a pivotal step in strengthening regional cooperation on the recognition of higher education qualifications and advancing the implementation of the\u00a0<\/span><a href=\"https:\/\/www.unesco.org\/en\/higher-education\/conventions#latin-america-and-the-caribbean-buenos-aires-convention\"><span class=\"TextRun SCXW170723525 BCX8 NormalTextRun\" lang=\"EN-US\">Buenos Aires Recognition Convention<\/span><\/a><span class=\"TextRun SCXW170723525 BCX8 NormalTextRun\" lang=\"EN-US\">.\u202f<\/span><span class=\"EOP SCXW170723525 BCX8\">\u00a0<\/span><\/p><p><span class=\"TextRun SCXW170723525 BCX8 NormalTextRun\" lang=\"EN-US\">Adopted in 2019 and in force since 2022, the Convention aims to ensure fair, transparent, and nondiscriminatory recognition practices, promoting academic mobility and regional higher education harmonization. With six ratifications to date and several countries progressing toward accession, the Convention continues to gain traction as a framework for harmonizing recognition systems in the region.\u202f<\/span><span class=\"EOP SCXW170723525 BCX8\">\u00a0<\/span><\/p><p><span class=\"TextRun SCXW170723525 BCX8 NormalTextRun\" lang=\"EN-US\">Out of 31 million students in Latin America and the Caribbean, just under half a million pursue their studies outside their home countries. While the region has one of the lowest mobility rates in the world, it has witnessed increased inter-regional mobility, rising from 24% to 43% over the past two decades.<\/span><span class=\"EOP SCXW170723525 BCX8\">\u00a0<\/span><\/p><h3><span class=\"TextRun SCXW68644319 BCX8 NormalTextRun\" lang=\"EN-US\"><strong>CINALC session: strengthening operational cooperation<\/strong>\u202f<\/span><span class=\"EOP SCXW68644319 BCX8\">\u00a0<\/span><\/h3><p><span class=\"TextRun SCXW68644319 BCX8 NormalTextRun\" lang=\"EN-US\">The\u00a0<\/span><span class=\"TextRun SCXW68644319 BCX8 NormalTextRun SpellingErrorV2Themed\" lang=\"EN-US\">programme<\/span><span class=\"TextRun SCXW68644319 BCX8 NormalTextRun\" lang=\"EN-US\">\u00a0opened on 24 February with a full morning dedicated to CINALC, the operational arm of the Convention. Since its launch in February 2024, CINALC has brought together 17 national recognition authorities to exchange information, share best practices, and collaborate on regional tools.\u202f<\/span><\/p>\t\t\t\t\t\t<\/div>\n\t\t\t\t<\/div>\n\t\t\t\t\t<\/div>\n\t\t<\/div>\n\t\t\t\t\t<\/div>\n\t\t<\/section>\n\t\t\t\t<section class=\"elementor-section elementor-top-section elementor-element elementor-element-81a5bc1 elementor-section-boxed elementor-section-height-default elementor-section-height-default\" data-id=\"81a5bc1\" data-element_type=\"section\">\n\t\t\t\t\t\t<div class=\"elementor-container elementor-column-gap-default\">\n\t\t\t\t\t<div class=\"elementor-column elementor-col-100 elementor-top-column elementor-element elementor-element-9dd8d56\" data-id=\"9dd8d56\" data-element_type=\"column\">\n\t\t\t<div class=\"elementor-widget-wrap elementor-element-populated\">\n\t\t\t\t\t\t<div class=\"elementor-element elementor-element-664ce87 elementor-widget elementor-widget-image\" data-id=\"664ce87\" data-element_type=\"widget\" data-widget_type=\"image.default\">\n\t\t\t\t<div class=\"elementor-widget-container\">\n\t\t\t\t\t\t\t\t\t\t\t\t\t<img decoding=\"async\" width=\"610\" height=\"407\" src=\"https:\/\/cinalc.org\/wp-content\/uploads\/2026\/03\/HZ6_7693.webp\" class=\"attachment-large size-large wp-image-27171\" alt=\"\" srcset=\"https:\/\/cinalc.org\/wp-content\/uploads\/2026\/03\/HZ6_7693.webp 610w, https:\/\/cinalc.org\/wp-content\/uploads\/2026\/03\/HZ6_7693-300x200.webp 300w\" sizes=\"(max-width: 610px) 100vw, 610px\" \/>\t\t\t\t\t\t\t\t\t\t\t\t\t<\/div>\n\t\t\t\t<\/div>\n\t\t\t\t<div class=\"elementor-element elementor-element-81b93f8 elementor-widget elementor-widget-text-editor\" data-id=\"81b93f8\" data-element_type=\"widget\" data-widget_type=\"text-editor.default\">\n\t\t\t\t<div class=\"elementor-widget-container\">\n\t\t\t\t\t\t\t<div class=\"field__item fadein\"><div id=\"\" class=\"paragraph-border above paragraph paragraph--type--text-media-block paragraph--view-mode--default\" data-trk=\"{&quot;block&quot;:{&quot;name&quot;:&quot;Regional cooperation strengthened at the fourth session of the Buenos Aires Recognition Convention Committee and the CINALC network in Montevideo \\u003E Paragraphs&quot;,&quot;format&quot;:&quot;text_media_block&quot;}}\"><div class=\"row\"><div class=\"wrapper-image col-lg-6\"><div class=\"field field--name-field-ref-image field--type-entity-reference field--label-hidden field__item\"><blockquote><div class=\"media--copyright field field--name-field-copyright field--type-string field--label-hidden field__item\">UNESCO Montevideo<\/div><\/blockquote><\/div><\/div><\/div><\/div><\/div><div class=\"field__item fadein\"><div id=\"\" class=\"paragraph-border paragraph paragraph--type--quote paragraph--view-mode--default\" data-trk=\"{&quot;block&quot;:{&quot;name&quot;:&quot;Regional cooperation strengthened at the fourth session of the Buenos Aires Recognition Convention Committee and the CINALC network in Montevideo \\u003E Paragraphs&quot;,&quot;format&quot;:&quot;quote&quot;}}\"><div class=\"row\"><blockquote><div class=\"rich-text clearfix text-formatted field field--name-field-text field--type-text-long field--label-hidden field__item\"><p>This fourth session of the Regional Committee of the Buenos Aires Convention is a unique opportunity to strengthen the integration of the countries in the CINALC network and to advance in the recognition of qualifications, academic mobility and the full integration of people in their countries of origin.<\/p><\/div><\/blockquote><div class=\"quote-people col-lg-3 offset-lg-1\"><blockquote><div class=\"quote-person-text\"><span class=\"name\">Virginia Villalba<\/span><span class=\"function\">Elected President of the Convention Committee<\/span><\/div><\/blockquote><\/div><\/div><\/div><\/div><div class=\"field__item fadein\"><div id=\"\" class=\"paragraph-border above paragraph paragraph--type--text-media-block paragraph--view-mode--default\" data-trk=\"{&quot;block&quot;:{&quot;name&quot;:&quot;Regional cooperation strengthened at the fourth session of the Buenos Aires Recognition Convention Committee and the CINALC network in Montevideo \\u003E Paragraphs&quot;,&quot;format&quot;:&quot;text_media_block&quot;}}\"><div class=\"row\"><div><div class=\"rich-text clearfix text-formatted field field--name-field-text field--type-text-long field--label-hidden field__item\"><h3><span class=\"TextRun SCXW38690023 BCX8 NormalTextRun\" lang=\"EN-US\">Key discussions included:\u202f<\/span><span class=\"EOP SCXW38690023 BCX8\">\u00a0<\/span><\/h3><ol><li><span class=\"TextRun SCXW38690023 BCX8 NormalTextRun\" lang=\"EN-US\">Progress on the Recognition Manual for Latin America and the Caribbean, designed to facilitate the implementation of the Convention.\u202f<\/span><\/li><li><span class=\"TextRun SCXW38690023 BCX8 NormalTextRun\" lang=\"EN-US\">A review of the state of ratifications and the advisory role of CINALC in supporting countries toward accession.\u202f<\/span><\/li><li><span class=\"TextRun SCXW38690023 BCX8 NormalTextRun\" lang=\"EN-US\">Updates on the CINALC digital platform, part of Campus IESALC, designed to facilitate regional information exchange.\u202f<\/span><\/li><li><span class=\"TextRun SCXW38690023 BCX8 NormalTextRun\" lang=\"EN-US\">Agreement on the 2026 CINALC workplan, focusing on information exchange, capacity\u00a0<\/span><span class=\"TextRun SCXW38690023 BCX8 NormalTextRun ContextualSpellingAndGrammarErrorV2Themed\" lang=\"EN-US\">development<\/span><span class=\"TextRun SCXW38690023 BCX8 NormalTextRun\" lang=\"EN-US\">\u00a0and guidance.\u202f<\/span><span class=\"EOP SCXW38690023 BCX8\">\u00a0<\/span><\/li><\/ol><p><span class=\"TextRun SCXW38690023 BCX8 NormalTextRun\" lang=\"EN-US\">The CINALC coordination group was also elected, including Cuba, Granada, Peru and Uruguay.<\/span><span class=\"EOP SCXW38690023 BCX8\">\u00a0<\/span><\/p><h3><span class=\"TextRun SCXW38690023 BCX8 NormalTextRun\" lang=\"EN-US\"><strong>Joint workshops: tackling emerging challenges<\/strong>\u202f<\/span><span class=\"EOP SCXW38690023 BCX8\">\u00a0<\/span><\/h3><p><span class=\"TextRun SCXW38690023 BCX8 NormalTextRun\" lang=\"EN-US\">In the afternoon, Committee members and CINALC representatives engaged in three thematic workshops addressing the most pressing issues in the regional recognition ecosystem:\u202f<\/span><span class=\"EOP SCXW38690023 BCX8\">\u00a0<\/span><\/p><ol><li><span class=\"TextRun SCXW38690023 BCX8 NormalTextRun\" lang=\"EN-US\">Education fraud and artificial intelligence, exploring new risks and opportunities brought by AI in credential assessment, led by Luca\u00a0<\/span><span class=\"TextRun SCXW38690023 BCX8 NormalTextRun SpellingErrorV2Themed\" lang=\"EN-US\">Lantero<\/span><span class=\"TextRun SCXW38690023 BCX8 NormalTextRun\" lang=\"EN-US\">, Director General of the Academic Equivalence Mobility Information Centre (CIMEA) in Italy.<\/span><\/li><li><span class=\"TextRun SCXW38690023 BCX8 NormalTextRun\" lang=\"EN-US\">Diploma Supplement implementation,\u00a0<\/span><span class=\"TextRun SCXW38690023 BCX8 NormalTextRun SpellingErrorV2Themed\" lang=\"EN-US\">analysing<\/span><span class=\"TextRun SCXW38690023 BCX8 NormalTextRun\" lang=\"EN-US\">\u00a0feasibility, benefits, and lessons from national experiences, led by Carla Brufau, Legal Adviser for the Higher Education Area at the Ministry of Education and Culture of Uruguay<\/span><\/li><li><span class=\"TextRun SCXW38690023 BCX8 NormalTextRun SpellingErrorV2Themed\" lang=\"EN-US\">Microcredentials<\/span><span class=\"TextRun SCXW38690023 BCX8 NormalTextRun\" lang=\"EN-US\">\u00a0practices, discussing emerging regional frameworks and institutional innovations, led by Jorge Alfonso Rodr\u00edguez Tort, Director in Educational Innovation at the Tecnologico de Monterrey in Mexico<\/span><\/li><\/ol><h3><span class=\"TextRun SCXW38690023 BCX8 NormalTextRun\" lang=\"EN-US\"><strong>Committee session: reviewing progress and setting the 2026 agenda<\/strong>\u202f<\/span><span class=\"EOP SCXW38690023 BCX8\">\u00a0<\/span><\/h3><p><span class=\"TextRun SCXW38690023 BCX8 NormalTextRun\" lang=\"EN-US\">On 25 February, the Committee held its formal session, opening with\u00a0<\/span><span class=\"TextRun SCXW38690023 BCX8 NormalTextRun SpellingErrorV2Themed\" lang=\"EN-US\">highlevel<\/span><span class=\"TextRun SCXW38690023 BCX8 NormalTextRun\" lang=\"EN-US\">\u00a0participation from the UNESCO education leadership \u2013 Stefania Giannini, Assistant Director-General for Education and\u00a0<\/span><span class=\"TextRun SCXW38690023 BCX8 NormalTextRun SpellingErrorV2Themed\" lang=\"EN-US\">Borhene<\/span><span class=\"TextRun SCXW38690023 BCX8 NormalTextRun\" lang=\"EN-US\">\u00a0Chakroun, Interim Director of UNESCO IESALC \u2013 Gabriela Verde, Vice Minister for Education and Culture (Uruguay) and Gonzalo Baroni, President of the Convention Committee.\u202f<\/span><span class=\"EOP SCXW38690023 BCX8\">\u00a0<\/span><\/p><\/div><\/div><\/div><\/div><\/div>\t\t\t\t\t\t<\/div>\n\t\t\t\t<\/div>\n\t\t\t\t\t<\/div>\n\t\t<\/div>\n\t\t\t\t\t<\/div>\n\t\t<\/section>\n\t\t\t\t<section class=\"elementor-section elementor-top-section elementor-element elementor-element-61c4183 elementor-section-boxed elementor-section-height-default elementor-section-height-default\" data-id=\"61c4183\" data-element_type=\"section\">\n\t\t\t\t\t\t<div class=\"elementor-container elementor-column-gap-default\">\n\t\t\t\t\t<div class=\"elementor-column elementor-col-100 elementor-top-column elementor-element elementor-element-3af1d6e\" data-id=\"3af1d6e\" data-element_type=\"column\">\n\t\t\t<div class=\"elementor-widget-wrap elementor-element-populated\">\n\t\t\t\t\t\t<div class=\"elementor-element elementor-element-1e9cd4a elementor-widget elementor-widget-image\" data-id=\"1e9cd4a\" data-element_type=\"widget\" data-widget_type=\"image.default\">\n\t\t\t\t<div class=\"elementor-widget-container\">\n\t\t\t\t\t\t\t\t\t\t\t\t\t<img decoding=\"async\" width=\"610\" height=\"407\" src=\"https:\/\/cinalc.org\/wp-content\/uploads\/2026\/03\/HZ6_75811.webp\" class=\"attachment-large size-large wp-image-27172\" alt=\"\" srcset=\"https:\/\/cinalc.org\/wp-content\/uploads\/2026\/03\/HZ6_75811.webp 610w, https:\/\/cinalc.org\/wp-content\/uploads\/2026\/03\/HZ6_75811-300x200.webp 300w\" sizes=\"(max-width: 610px) 100vw, 610px\" \/>\t\t\t\t\t\t\t\t\t\t\t\t\t<\/div>\n\t\t\t\t<\/div>\n\t\t\t\t\t<\/div>\n\t\t<\/div>\n\t\t\t\t\t<\/div>\n\t\t<\/section>\n\t\t\t\t<section class=\"elementor-section elementor-top-section elementor-element elementor-element-84e2cdb elementor-section-boxed elementor-section-height-default elementor-section-height-default\" data-id=\"84e2cdb\" data-element_type=\"section\">\n\t\t\t\t\t\t<div class=\"elementor-container elementor-column-gap-default\">\n\t\t\t\t\t<div class=\"elementor-column elementor-col-100 elementor-top-column elementor-element elementor-element-4b1b550\" data-id=\"4b1b550\" data-element_type=\"column\">\n\t\t\t<div class=\"elementor-widget-wrap elementor-element-populated\">\n\t\t\t\t\t\t<div class=\"elementor-element elementor-element-febe5b2 elementor-widget elementor-widget-text-editor\" data-id=\"febe5b2\" data-element_type=\"widget\" data-widget_type=\"text-editor.default\">\n\t\t\t\t<div class=\"elementor-widget-container\">\n\t\t\t\t\t\t\t<div class=\"rich-text clearfix text-formatted field field--name-field-text field--type-text-long field--label-hidden field__item\"><blockquote><p>We are deciding on the future, the work plan: what we are going to do and what we have done. This is important for mutual trust between countries, for the mobility of people and for the possibility of personal development.<\/p><\/blockquote><\/div><div class=\"quote-people col-lg-3 offset-lg-1\"><blockquote><div class=\"quote-person-text\"><span class=\"name\">Gonzalo Baroni<\/span><span class=\"function\">Outgoing President of the Convention Committee<\/span><\/div><\/blockquote><\/div>\t\t\t\t\t\t<\/div>\n\t\t\t\t<\/div>\n\t\t\t\t\t<\/div>\n\t\t<\/div>\n\t\t\t\t\t<\/div>\n\t\t<\/section>\n\t\t\t\t<section class=\"elementor-section elementor-top-section elementor-element elementor-element-b56714a elementor-section-boxed elementor-section-height-default elementor-section-height-default\" data-id=\"b56714a\" data-element_type=\"section\">\n\t\t\t\t\t\t<div class=\"elementor-container elementor-column-gap-default\">\n\t\t\t\t\t<div class=\"elementor-column elementor-col-100 elementor-top-column elementor-element elementor-element-72641eb\" data-id=\"72641eb\" data-element_type=\"column\">\n\t\t\t<div class=\"elementor-widget-wrap elementor-element-populated\">\n\t\t\t\t\t\t<div class=\"elementor-element elementor-element-b72e851 elementor-widget elementor-widget-image\" data-id=\"b72e851\" data-element_type=\"widget\" data-widget_type=\"image.default\">\n\t\t\t\t<div class=\"elementor-widget-container\">\n\t\t\t\t\t\t\t\t\t\t\t\t\t<img loading=\"lazy\" decoding=\"async\" width=\"610\" height=\"406\" src=\"https:\/\/cinalc.org\/wp-content\/uploads\/2026\/03\/3.jpeg.webp\" class=\"attachment-large size-large wp-image-27173\" alt=\"\" srcset=\"https:\/\/cinalc.org\/wp-content\/uploads\/2026\/03\/3.jpeg.webp 610w, https:\/\/cinalc.org\/wp-content\/uploads\/2026\/03\/3.jpeg-300x200.webp 300w\" sizes=\"(max-width: 610px) 100vw, 610px\" \/>\t\t\t\t\t\t\t\t\t\t\t\t\t<\/div>\n\t\t\t\t<\/div>\n\t\t\t\t\t<\/div>\n\t\t<\/div>\n\t\t\t\t\t<\/div>\n\t\t<\/section>\n\t\t\t\t<section class=\"elementor-section elementor-top-section elementor-element elementor-element-7e7d968 elementor-section-boxed elementor-section-height-default elementor-section-height-default\" data-id=\"7e7d968\" data-element_type=\"section\">\n\t\t\t\t\t\t<div class=\"elementor-container elementor-column-gap-default\">\n\t\t\t\t\t<div class=\"elementor-column elementor-col-100 elementor-top-column elementor-element elementor-element-7c9259f\" data-id=\"7c9259f\" data-element_type=\"column\">\n\t\t\t<div class=\"elementor-widget-wrap elementor-element-populated\">\n\t\t\t\t\t\t<div class=\"elementor-element elementor-element-aa82ce3 elementor-widget elementor-widget-text-editor\" data-id=\"aa82ce3\" data-element_type=\"widget\" data-widget_type=\"text-editor.default\">\n\t\t\t\t<div class=\"elementor-widget-container\">\n\t\t\t\t\t\t\t<h3><span class=\"TextRun SCXW108285269 BCX8 NormalTextRun\" lang=\"EN-US\">The agenda covered several core regional priorities:\u202f<\/span><span class=\"EOP SCXW108285269 BCX8\">\u00a0<\/span><\/h3><ul><li><span class=\"TextRun SCXW108285269 BCX8 NormalTextRun\" lang=\"EN-US\">Mapping the recognition of qualifications for refugees and displaced persons, including perspectives from UNHCR and national experiences from Colombia.\u202f<\/span><\/li><li><span class=\"TextRun SCXW108285269 BCX8 NormalTextRun\" lang=\"EN-US\">Academic credits and transfer systems, with findings of\u00a0<\/span><span class=\"TextRun SCXW108285269 BCX8 NormalTextRun ContextualSpellingAndGrammarErrorV2Themed\" lang=\"EN-US\">a regional<\/span><span class=\"TextRun SCXW108285269 BCX8 NormalTextRun\" lang=\"EN-US\">\u00a0mapping and Costa Rica\u2019s national experience.\u202f<\/span><\/li><li><span class=\"TextRun SCXW108285269 BCX8 NormalTextRun\" lang=\"EN-US\">Examination of the regional framework for minimum standards on\u00a0<\/span><span class=\"TextRun SCXW108285269 BCX8 NormalTextRun SpellingErrorV2Themed\" lang=\"EN-US\">microcredentials<\/span><span class=\"TextRun SCXW108285269 BCX8 NormalTextRun\" lang=\"EN-US\">, also featuring experiences from Jamaica and New Zealand.\u202f<\/span><\/li><li><span class=\"TextRun SCXW108285269 BCX8 NormalTextRun\" lang=\"EN-US\">Information on the Global Convention on the Recognition of Qualifications concerning Higher Education and its relevance for the region.\u202f<\/span><\/li><li><span class=\"TextRun SCXW108285269 BCX8 NormalTextRun\" lang=\"EN-US\">Adoption of the 2026 Committee workplan, focusing on accelerating ratifications, developing thematic guidance and tools to facilitate the implementation of the Convention and inter-regional and global cooperation.<\/span><span class=\"EOP SCXW108285269 BCX8\">\u00a0<\/span><\/li><\/ul><p><span class=\"TextRun SCXW108285269 BCX8 NormalTextRun\" lang=\"EN-US\">Election of the Committee Bureau, that\u00a0<\/span><span class=\"TextRun SCXW108285269 BCX8 NormalTextRun ContextualSpellingAndGrammarErrorV2Themed\" lang=\"EN-US\">included:<\/span><span class=\"TextRun SCXW108285269 BCX8 NormalTextRun\" lang=\"EN-US\">\u202fVirginia Villalba of Uruguay in her personal capacity, Deysi Fraga (CUBA) as Vice-President, and Luis Jes\u00fas Rodr\u00edguez G\u00f3mez (Per\u00fa) as Rapporteur.<\/span><span class=\"EOP SCXW108285269 BCX8\">\u00a0<\/span><\/p><p>UNESCO IESALC expressed its appreciation to the outgoing Bureau members, Gonzalo Baroni of Uruguay, Dhana McQuilkin of Grenada, and Denise Pereira from Cuba, for their leadership and valuable contributions during their tenure in the last three years.<br \/>\u00a0<\/p><h3><span class=\"TextRun SCXW108285269 BCX8 NormalTextRun\" lang=\"EN-US\"><strong>Next steps<\/strong>\u202f<\/span><span class=\"EOP SCXW108285269 BCX8\">\u00a0<\/span><\/h3><p><span class=\"TextRun SCXW108285269 BCX8 NormalTextRun\" lang=\"EN-US\">The session concluded with agreement on\u00a0<\/span><span class=\"TextRun SCXW108285269 BCX8 NormalTextRun SpellingErrorV2Themed\" lang=\"EN-US\">follow-up<\/span><span class=\"TextRun SCXW108285269 BCX8 NormalTextRun\" lang=\"EN-US\">\u00a0actions and a commitment to continue building coordinated, transparent, and\u00a0<\/span><span class=\"TextRun SCXW108285269 BCX8 NormalTextRun SpellingErrorV2Themed\" lang=\"EN-US\">student-centered<\/span><span class=\"TextRun SCXW108285269 BCX8 NormalTextRun\" lang=\"EN-US\">\u00a0recognition systems that can facilitate mobility across Latin America and the Caribbean. The next session of the Convention Committee will be held within the next two years, in line with the provisions of the Convention, while CINALC will convene for its annual session at the beginning of 2027.<\/span><span class=\"EOP SCXW108285269 BCX8\">\u00a0<\/span><\/p>\t\t\t\t\t\t<\/div>\n\t\t\t\t<\/div>\n\t\t\t\t<div class=\"elementor-element elementor-element-1bee56d elementor-widget elementor-widget-image\" data-id=\"1bee56d\" data-element_type=\"widget\" data-widget_type=\"image.default\">\n\t\t\t\t<div class=\"elementor-widget-container\">\n\t\t\t\t\t\t\t\t\t\t\t\t\t<img loading=\"lazy\" decoding=\"async\" width=\"610\" height=\"407\" src=\"https:\/\/cinalc.org\/wp-content\/uploads\/2026\/03\/55114913872_b6e2cc6308_b.jpg.webp\" class=\"attachment-large size-large wp-image-27174\" alt=\"\" srcset=\"https:\/\/cinalc.org\/wp-content\/uploads\/2026\/03\/55114913872_b6e2cc6308_b.jpg.webp 610w, https:\/\/cinalc.org\/wp-content\/uploads\/2026\/03\/55114913872_b6e2cc6308_b.jpg-300x200.webp 300w\" sizes=\"(max-width: 610px) 100vw, 610px\" \/>\t\t\t\t\t\t\t\t\t\t\t\t\t<\/div>\n\t\t\t\t<\/div>\n\t\t\t\t<div class=\"elementor-element elementor-element-8249352 elementor-widget elementor-widget-text-editor\" data-id=\"8249352\" data-element_type=\"widget\" data-widget_type=\"text-editor.default\">\n\t\t\t\t<div class=\"elementor-widget-container\">\n\t\t\t\t\t\t\t<div class=\"rich-text clearfix text-formatted field field--name-field-text field--type-text-long field--label-hidden field__item\"><blockquote><p>We are progressing dialogue and collaboration to advance with the implementation and ratification of the Conventions, both regionally and globally. UNESCO IESALC is mobilized to continue the work and make these conventions a reality for every student.<\/p><\/blockquote><\/div><div class=\"quote-people col-lg-3 offset-lg-1\"><blockquote><div class=\"quote-person-text\"><span class=\"name\">Borhene Chakroun<\/span><span class=\"function\">Interim Director, UNESCO IESALC<\/span><\/div><\/blockquote><\/div>\t\t\t\t\t\t<\/div>\n\t\t\t\t<\/div>\n\t\t\t\t\t<\/div>\n\t\t<\/div>\n\t\t\t\t\t<\/div>\n\t\t<\/section>\n\t\t\t\t<\/div>\n\t\t","protected":false},"excerpt":{"rendered":"<p>Meeting led by UNESCO IESALC advances fair recognition of qualifications and boosts cooperation to implement the Convention, helping ensure equal opportunities for all<\/p>\n","protected":false},"author":1,"featured_media":27169,"comment_status":"closed","ping_status":"open","sticky":false,"template":"","format":"standard","meta":{"_bbp_topic_count":0,"_bbp_reply_count":0,"_bbp_total_topic_count":0,"_bbp_total_reply_count":0,"_bbp_voice_count":0,"_bbp_anonymous_reply_count":0,"_bbp_topic_count_hidden":0,"_bbp_reply_count_hidden":0,"_bbp_forum_subforum_count":0,"site-sidebar-layout":"default","site-content-layout":"default","ast-global-header-display":"","ast-banner-title-visibility":"","ast-main-header-display":"","ast-hfb-above-header-display":"","ast-hfb-below-header-display":"","ast-hfb-mobile-header-display":"","site-post-title":"","ast-breadcrumbs-content":"","ast-featured-img":"disabled","footer-sml-layout":"","theme-transparent-header-meta":"","adv-header-id-meta":"","stick-header-meta":"","header-above-stick-meta":"","header-main-stick-meta":"","header-below-stick-meta":"","footnotes":""},"categories":[41],"tags":[],"class_list":["post-27168","post","type-post","status-publish","format-standard","has-post-thumbnail","hentry","category-noticias"],"_links":{"self":[{"href":"https:\/\/cinalc.org\/wp-json\/wp\/v2\/posts\/27168","targetHints":{"allow":["GET"]}}],"collection":[{"href":"https:\/\/cinalc.org\/wp-json\/wp\/v2\/posts"}],"about":[{"href":"https:\/\/cinalc.org\/wp-json\/wp\/v2\/types\/post"}],"author":[{"embeddable":true,"href":"https:\/\/cinalc.org\/wp-json\/wp\/v2\/users\/1"}],"replies":[{"embeddable":true,"href":"https:\/\/cinalc.org\/wp-json\/wp\/v2\/comments?post=27168"}],"version-history":[{"count":4,"href":"https:\/\/cinalc.org\/wp-json\/wp\/v2\/posts\/27168\/revisions"}],"predecessor-version":[{"id":27177,"href":"https:\/\/cinalc.org\/wp-json\/wp\/v2\/posts\/27168\/revisions\/27177"}],"wp:featuredmedia":[{"embeddable":true,"href":"https:\/\/cinalc.org\/wp-json\/wp\/v2\/media\/27169"}],"wp:attachment":[{"href":"https:\/\/cinalc.org\/wp-json\/wp\/v2\/media?parent=27168"}],"wp:term":[{"taxonomy":"category","embeddable":true,"href":"https:\/\/cinalc.org\/wp-json\/wp\/v2\/categories?post=27168"},{"taxonomy":"post_tag","embeddable":true,"href":"https:\/\/cinalc.org\/wp-json\/wp\/v2\/tags?post=27168"}],"curies":[{"name":"wp","href":"https:\/\/api.w.org\/{rel}","templated":true}]}}