{"id":289,"date":"2023-04-10T10:13:08","date_gmt":"2023-04-10T10:13:08","guid":{"rendered":"https:\/\/convenio.campusiesalc.com\/?p=289"},"modified":"2023-07-06T16:17:58","modified_gmt":"2023-07-06T16:17:58","slug":"movilidad-academica-en-america-latina-y-el-caribe-primera-reunion-por-nuevo-convenio-regional","status":"publish","type":"post","link":"https:\/\/cinalc.org\/movilidad-academica-en-america-latina-y-el-caribe-primera-reunion-por-nuevo-convenio-regional\/","title":{"rendered":"Movilidad acad\u00e9mica en Am\u00e9rica Latina y el Caribe: Primera reuni\u00f3n por Nuevo Convenio Regional"},"content":{"rendered":"\t\t<div data-elementor-type=\"wp-post\" data-elementor-id=\"289\" class=\"elementor elementor-289\">\n\t\t\t\t\t\t<section class=\"elementor-section elementor-top-section elementor-element elementor-element-67088ce elementor-section-boxed elementor-section-height-default elementor-section-height-default\" data-id=\"67088ce\" data-element_type=\"section\">\n\t\t\t\t\t\t<div class=\"elementor-container elementor-column-gap-default\">\n\t\t\t\t\t<div class=\"elementor-column elementor-col-100 elementor-top-column elementor-element elementor-element-5062bea\" data-id=\"5062bea\" data-element_type=\"column\">\n\t\t\t<div class=\"elementor-widget-wrap elementor-element-populated\">\n\t\t\t\t\t\t<div class=\"elementor-element elementor-element-f39f11f elementor-widget elementor-widget-spacer\" data-id=\"f39f11f\" data-element_type=\"widget\" data-widget_type=\"spacer.default\">\n\t\t\t\t<div class=\"elementor-widget-container\">\n\t\t\t\t\t<div class=\"elementor-spacer\">\n\t\t\t<div class=\"elementor-spacer-inner\"><\/div>\n\t\t<\/div>\n\t\t\t\t<\/div>\n\t\t\t\t<\/div>\n\t\t\t\t\t<\/div>\n\t\t<\/div>\n\t\t\t\t\t<\/div>\n\t\t<\/section>\n\t\t\t\t<section class=\"elementor-section elementor-top-section elementor-element elementor-element-d8b9af6 elementor-section-boxed elementor-section-height-default elementor-section-height-default\" data-id=\"d8b9af6\" data-element_type=\"section\">\n\t\t\t\t\t\t<div class=\"elementor-container elementor-column-gap-default\">\n\t\t\t\t\t<div class=\"elementor-column elementor-col-100 elementor-top-column elementor-element elementor-element-8daefd9\" data-id=\"8daefd9\" data-element_type=\"column\">\n\t\t\t<div class=\"elementor-widget-wrap elementor-element-populated\">\n\t\t\t\t\t\t<div class=\"elementor-element elementor-element-fa9d3d4 elementor-widget elementor-widget-text-editor\" data-id=\"fa9d3d4\" data-element_type=\"widget\" data-widget_type=\"text-editor.default\">\n\t\t\t\t<div class=\"elementor-widget-container\">\n\t\t\t\t\t\t\t<h1>Movilidad acad\u00e9mica en Am\u00e9rica Latina y el Caribe: Primera reuni\u00f3n por Nuevo Convenio Regional<\/h1>\t\t\t\t\t\t<\/div>\n\t\t\t\t<\/div>\n\t\t\t\t\t<\/div>\n\t\t<\/div>\n\t\t\t\t\t<\/div>\n\t\t<\/section>\n\t\t\t\t<section class=\"elementor-section elementor-top-section elementor-element elementor-element-13cdf1dd elementor-section-boxed elementor-section-height-default elementor-section-height-default\" data-id=\"13cdf1dd\" data-element_type=\"section\">\n\t\t\t\t\t\t<div class=\"elementor-container elementor-column-gap-default\">\n\t\t\t\t\t<div class=\"elementor-column elementor-col-100 elementor-top-column elementor-element elementor-element-437f944c\" data-id=\"437f944c\" data-element_type=\"column\">\n\t\t\t<div class=\"elementor-widget-wrap elementor-element-populated\">\n\t\t\t\t\t\t<div class=\"elementor-element elementor-element-671fecc0 elementor-widget elementor-widget-text-editor\" data-id=\"671fecc0\" data-element_type=\"widget\" data-widget_type=\"text-editor.default\">\n\t\t\t\t<div class=\"elementor-widget-container\">\n\t\t\t\t\t\t\t<!-- wp:paragraph -->\n<p>El 13 y 14 de abril los Estados Parte del Nuevo Convenio Regional de Unesco se reunir\u00e1n en Colonia de Sacramento para concretar nuevas acciones en la b\u00fasqueda de mayor movilidad acad\u00e9mica.<\/p>\n<!-- \/wp:paragraph -->\n\n<!-- wp:image {\"sizeSlug\":\"large\"} -->\n<figure class=\"wp-block-image size-large\"><img decoding=\"async\" src=\"https:\/\/www.gub.uy\/ministerio-educacion-cultura\/sites\/ministerio-educacion-cultura\/files\/styles\/documento\/public\/imagenes\/noticias\/ConvenioRegionalUnesco_WEB4.jpg?itok=CB9KTbmY\" alt=\"\"\/><\/figure>\n<!-- \/wp:image -->\n\n<!-- wp:paragraph -->\n<p>Los Estados Parte del Nuevo Convenio Regional de Unesco para el Reconocimiento de Estudios, T\u00edtulos y Diplomas de Educaci\u00f3n Superior en Am\u00e9rica Latina y el Caribe se reunir\u00e1n por primera vez en Colonia de Sacramento este 13 y 14 de abril.<\/p>\n<!-- \/wp:paragraph -->\n\n<!-- wp:paragraph -->\n<p>La reuni\u00f3n busca consensuar acciones conjuntas para poner en marcha el Nuevo Convenio Regional, que entr\u00f3 en vigor el 23 de octubre de 2022 y que facilitar\u00e1 la movilidad estudiantil en Am\u00e9rica Latina y el Caribe a trav\u00e9s del reconocimiento de t\u00edtulos de nivel superior.<\/p>\n<!-- \/wp:paragraph -->\n\n<!-- wp:paragraph -->\n<p>En esta primera reuni\u00f3n estar\u00e1n presentes representantes del MEC a trav\u00e9s de la Direcci\u00f3n Nacional de Educaci\u00f3n; de los cinco Estados ratificantes (Cuba, Granada, Per\u00fa, Santa Sede y Uruguay); de los 19 Estados signatarios; de Unesco&nbsp; sede Central; de la Secretar\u00eda del Nuevo Convenio Regional ejercida por Unesco IESALC y de Unesco Montevideo.&nbsp;<\/p>\n<!-- \/wp:paragraph -->\n\n<!-- wp:paragraph -->\n<p>Durante estos dos d\u00edas de reuniones, los Estados elegir\u00e1n un comit\u00e9 y aprobar\u00e1n un reglamento que regular\u00e1 sus competencias, composici\u00f3n y actividades. Asimismo, desarrollar\u00e1n el Plan de Trabajo 2023-24, e iniciar\u00e1n la creaci\u00f3n de Centros Nacionales de Informaci\u00f3n para el reconocimiento, con miras a crear a futuro una red de estructuras nacionales de reconocimiento de educaci\u00f3n superior en apoyo a la implementaci\u00f3n del Nuevo Convenio Regional.&nbsp;<\/p>\n<!-- \/wp:paragraph -->\n\n<!-- wp:paragraph -->\n<p>Se busca, por otra parte, que el resto de los Estados signatarios se sumen y ratifiquen este instrumento y que en su totalidad puedan avanzar en la complementariedad con el Convenio Global sobre el Reconocimiento de Cualificaciones, que entr\u00f3 en vigor el 5 de marzo de 2023.&nbsp;<\/p>\n<!-- \/wp:paragraph -->\n\n<!-- wp:paragraph -->\n<p>El Nuevo Convenio Regional contribuir\u00e1 tambi\u00e9n a la consecuci\u00f3n de la meta del ODS 4.3, que apuesta por la remoci\u00f3n de las \u201cbarreras\u201d de acceso al desarrollo de capacidades y a la ense\u00f1anza superior, habilitando oportunidades de aprendizaje para todas las personas a lo largo de toda la vida.<\/p>\n<!-- \/wp:paragraph -->\t\t\t\t\t\t<\/div>\n\t\t\t\t<\/div>\n\t\t\t\t\t<\/div>\n\t\t<\/div>\n\t\t\t\t\t<\/div>\n\t\t<\/section>\n\t\t\t\t<\/div>\n\t\t","protected":false},"excerpt":{"rendered":"<p>Movilidad acad\u00e9mica en Am\u00e9rica Latina y el Caribe: Primera reuni\u00f3n por Nuevo Convenio Regional El 13 y 14 de abril los Estados Parte del Nuevo Convenio Regional de Unesco se reunir\u00e1n en Colonia de Sacramento para concretar nuevas acciones en la b\u00fasqueda de mayor movilidad acad\u00e9mica. Los Estados Parte del Nuevo Convenio Regional de Unesco &hellip;<\/p>\n<p class=\"read-more\"> <a class=\"\" href=\"https:\/\/cinalc.org\/movilidad-academica-en-america-latina-y-el-caribe-primera-reunion-por-nuevo-convenio-regional\/\"> <span class=\"screen-reader-text\">Movilidad acad\u00e9mica en Am\u00e9rica Latina y el Caribe: Primera reuni\u00f3n por Nuevo Convenio Regional<\/span> Read More &raquo;<\/a><\/p>\n","protected":false},"author":1,"featured_media":290,"comment_status":"closed","ping_status":"open","sticky":false,"template":"","format":"standard","meta":{"_bbp_topic_count":0,"_bbp_reply_count":0,"_bbp_total_topic_count":0,"_bbp_total_reply_count":0,"_bbp_voice_count":0,"_bbp_anonymous_reply_count":0,"_bbp_topic_count_hidden":0,"_bbp_reply_count_hidden":0,"_bbp_forum_subforum_count":0,"site-sidebar-layout":"default","site-content-layout":"default","ast-global-header-display":"","ast-banner-title-visibility":"","ast-main-header-display":"","ast-hfb-above-header-display":"","ast-hfb-below-header-display":"","ast-hfb-mobile-header-display":"","site-post-title":"","ast-breadcrumbs-content":"","ast-featured-img":"disabled","footer-sml-layout":"","theme-transparent-header-meta":"","adv-header-id-meta":"","stick-header-meta":"","header-above-stick-meta":"","header-main-stick-meta":"","header-below-stick-meta":"","footnotes":""},"categories":[41],"tags":[],"class_list":["post-289","post","type-post","status-publish","format-standard","has-post-thumbnail","hentry","category-noticias"],"_links":{"self":[{"href":"https:\/\/cinalc.org\/wp-json\/wp\/v2\/posts\/289","targetHints":{"allow":["GET"]}}],"collection":[{"href":"https:\/\/cinalc.org\/wp-json\/wp\/v2\/posts"}],"about":[{"href":"https:\/\/cinalc.org\/wp-json\/wp\/v2\/types\/post"}],"author":[{"embeddable":true,"href":"https:\/\/cinalc.org\/wp-json\/wp\/v2\/users\/1"}],"replies":[{"embeddable":true,"href":"https:\/\/cinalc.org\/wp-json\/wp\/v2\/comments?post=289"}],"version-history":[{"count":5,"href":"https:\/\/cinalc.org\/wp-json\/wp\/v2\/posts\/289\/revisions"}],"predecessor-version":[{"id":26075,"href":"https:\/\/cinalc.org\/wp-json\/wp\/v2\/posts\/289\/revisions\/26075"}],"wp:featuredmedia":[{"embeddable":true,"href":"https:\/\/cinalc.org\/wp-json\/wp\/v2\/media\/290"}],"wp:attachment":[{"href":"https:\/\/cinalc.org\/wp-json\/wp\/v2\/media?parent=289"}],"wp:term":[{"taxonomy":"category","embeddable":true,"href":"https:\/\/cinalc.org\/wp-json\/wp\/v2\/categories?post=289"},{"taxonomy":"post_tag","embeddable":true,"href":"https:\/\/cinalc.org\/wp-json\/wp\/v2\/tags?post=289"}],"curies":[{"name":"wp","href":"https:\/\/api.w.org\/{rel}","templated":true}]}}